{"id":409,"date":"2025-09-12T10:57:20","date_gmt":"2025-09-12T08:57:20","guid":{"rendered":"https:\/\/mediaforum.hu\/?p=409"},"modified":"2025-09-12T10:57:20","modified_gmt":"2025-09-12T08:57:20","slug":"atlatszo-a-szuverenitasvedelmi-hivatal-altal-okozott-karokrol","status":"publish","type":"post","link":"https:\/\/mediaforum.hu\/en\/2025\/09\/12\/atlatszo-a-szuverenitasvedelmi-hivatal-altal-okozott-karokrol\/","title":{"rendered":"\u00c1tl\u00e1tsz\u00f3 demonstrates damage caused by the Sovereignty Protection Office"},"content":{"rendered":"<p>\u00c1tl\u00e1tsz\u00f3 has filed a <a href=\"https:\/\/atlatszo.hu\/impakt\/2025\/01\/22\/itt-a-birosagi-kereset-ezekert-inditottunk-pert-a-szuverenitasvedelmi-hivatal-ellen\/\">lawsuit<\/a> against the Sovereignty Protection Office concerning the so-called &#8220;research report&#8221; that contained false statements about the organization. \u00c1tl\u00e1tsz\u00f3&#8217;s founder and editor-in-chief, Tam\u00e1s Bodoky, <a href=\"https:\/\/atlatszo.hu\/impakt\/2025\/06\/24\/bodoky-tamas-tisztelt-birosag\/\">presented evidence<\/a> to the court demonstrating the harm caused by the Office\u2019s report and the accompanying media campaign.<br \/>\nBodoky described the actions of the Sovereignty Protection Office as an attack not only on \u00c1tl\u00e1tsz\u00f3 but on all independent Hungarian media outlets and civil society organizations.<\/p>","protected":false},"excerpt":{"rendered":"<p>\u00c1tl\u00e1tsz\u00f3 has filed a lawsuit against the Sovereignty Protection Office concerning the so-called &#8220;research report&#8221; that contained false statements about the organization. \u00c1tl\u00e1tsz\u00f3&#8217;s founder and editor-in-chief, Tam\u00e1s Bodoky, presented evidence to the court demonstrating the harm caused by the Office\u2019s report and the accompanying media campaign. Bodoky described the actions of the Sovereignty Protection Office <a href=\"https:\/\/mediaforum.hu\/en\/2025\/09\/12\/atlatszo-a-szuverenitasvedelmi-hivatal-altal-okozott-karokrol\/\" class=\"more-link\">&#8230;<span class=\"screen-reader-text\">  \u00c1tl\u00e1tsz\u00f3 demonstrates damage caused by the Sovereignty Protection Office<\/span><\/a><\/p>\n","protected":false},"author":3,"featured_media":0,"comment_status":"open","ping_status":"open","sticky":false,"template":"","format":"standard","meta":{"footnotes":""},"categories":[1],"tags":[],"class_list":["post-409","post","type-post","status-publish","format-standard","hentry","category-egyeb"],"_links":{"self":[{"href":"https:\/\/mediaforum.hu\/en\/wp-json\/wp\/v2\/posts\/409","targetHints":{"allow":["GET"]}}],"collection":[{"href":"https:\/\/mediaforum.hu\/en\/wp-json\/wp\/v2\/posts"}],"about":[{"href":"https:\/\/mediaforum.hu\/en\/wp-json\/wp\/v2\/types\/post"}],"author":[{"embeddable":true,"href":"https:\/\/mediaforum.hu\/en\/wp-json\/wp\/v2\/users\/3"}],"replies":[{"embeddable":true,"href":"https:\/\/mediaforum.hu\/en\/wp-json\/wp\/v2\/comments?post=409"}],"version-history":[{"count":1,"href":"https:\/\/mediaforum.hu\/en\/wp-json\/wp\/v2\/posts\/409\/revisions"}],"predecessor-version":[{"id":410,"href":"https:\/\/mediaforum.hu\/en\/wp-json\/wp\/v2\/posts\/409\/revisions\/410"}],"wp:attachment":[{"href":"https:\/\/mediaforum.hu\/en\/wp-json\/wp\/v2\/media?parent=409"}],"wp:term":[{"taxonomy":"category","embeddable":true,"href":"https:\/\/mediaforum.hu\/en\/wp-json\/wp\/v2\/categories?post=409"},{"taxonomy":"post_tag","embeddable":true,"href":"https:\/\/mediaforum.hu\/en\/wp-json\/wp\/v2\/tags?post=409"}],"curies":[{"name":"wp","href":"https:\/\/api.w.org\/{rel}","templated":true}]}}